{"id":361,"date":"2014-01-10T11:52:06","date_gmt":"2014-01-10T09:52:06","guid":{"rendered":"https:\/\/www.porlammi.fi\/museot\/?p=361"},"modified":"2014-01-11T12:06:36","modified_gmt":"2014-01-11T10:06:36","slug":"tammikuun-kuva-2","status":"publish","type":"post","link":"https:\/\/www.porlammi.fi\/museot\/?p=361","title":{"rendered":"Tammikuun kuva"},"content":{"rendered":"<p><strong><span style=\"text-decoration: underline;\">Pessala-n\u00e4yttelyt ovat ohi.<\/span><\/strong> Loviisan kaupunginmuseon &#8221; P\u00e4\u00e4skynen boordissa&#8221; 6.10.13. -17.11.13. ja Porlammin kirjaston ikkunan\u00e4yttely &#8221;J\u00e4lkimaininkeja Pessala-n\u00e4yttelyst\u00e4&#8221; 22.11.13.- 8.1.14. Kiitokset kaikille auttajille.<\/p>\n<p><a style=\"font-style: normal; line-height: 24px; text-decoration: underline;\" href=\"https:\/\/www.porlammi.fi\/museot\/wp-content\/uploads\/2014\/01\/IMG_6634.jpg\"><img loading=\"lazy\" decoding=\"async\" class=\"alignleft size-thumbnail wp-image-363\" style=\"border-color: #bbbbbb; background-color: #eeeeee;\" alt=\"IMG_6634\" src=\"https:\/\/www.porlammi.fi\/museot\/wp-content\/uploads\/2014\/01\/IMG_6634-150x150.jpg\" width=\"150\" height=\"150\" \/><\/a><\/p>\n<p>Kaikki eiv\u00e4t varmasti ehtineet Porlammille t\u00e4t\u00e4 ikkunan\u00e4yttely\u00e4 katsomaan, joten laitan pari kuvaa siit\u00e4, mit\u00e4 viel\u00e4\u00a0uudelleen oli n\u00e4ytill\u00e4.<\/p>\n<p>Kaikki materiaali oli my\u00f6s p\u00e4\u00e4n\u00e4yttelyssamme Loviisassa. Sapluunoita tosin oli vaikka kuinka paljon, ja osaa niist\u00e4 esiteltiin vasta t\u00e4ss\u00e4 ikkunan\u00e4yttelyss\u00e4. <a href=\"https:\/\/www.porlammi.fi\/museot\/wp-content\/uploads\/2014\/01\/Pessalan-sapluunoita.jpg\"><img loading=\"lazy\" decoding=\"async\" class=\"aligncenter size-large wp-image-365\" alt=\"Pessalan sapluunoita\" src=\"https:\/\/www.porlammi.fi\/museot\/wp-content\/uploads\/2014\/01\/Pessalan-sapluunoita-1024x650.jpg\" width=\"584\" height=\"370\" srcset=\"https:\/\/www.porlammi.fi\/museot\/wp-content\/uploads\/2014\/01\/Pessalan-sapluunoita-1024x650.jpg 1024w, https:\/\/www.porlammi.fi\/museot\/wp-content\/uploads\/2014\/01\/Pessalan-sapluunoita-300x190.jpg 300w, https:\/\/www.porlammi.fi\/museot\/wp-content\/uploads\/2014\/01\/Pessalan-sapluunoita-472x300.jpg 472w\" sizes=\"auto, (max-width: 584px) 100vw, 584px\" \/><\/a>N\u00e4iss\u00e4 kuvissa esiintyvist\u00e4 p\u00e4\u00e4skysist\u00e4 syntyi Loviisan n\u00e4yttelymme nimi. Siit\u00e4 kerrotaan my\u00f6s n\u00e4ytelyjulkaisussa, jota Porlammin kotiseutumuseo myy edelleen. Julkaisu kertoo Juho Pessalan el\u00e4m\u00e4ntarinaa laajalti ja valottaa sen aikaista maailmankuvaa yleisemminkin.\u00a0<a href=\"https:\/\/www.porlammi.fi\/museot\/wp-content\/uploads\/2014\/01\/Pessalan-nuotteja.jpg\"><img loading=\"lazy\" decoding=\"async\" class=\"aligncenter size-large wp-image-366\" alt=\"Pessalan nuotteja\" src=\"https:\/\/www.porlammi.fi\/museot\/wp-content\/uploads\/2014\/01\/Pessalan-nuotteja-1024x768.jpg\" width=\"584\" height=\"438\" srcset=\"https:\/\/www.porlammi.fi\/museot\/wp-content\/uploads\/2014\/01\/Pessalan-nuotteja-1024x768.jpg 1024w, https:\/\/www.porlammi.fi\/museot\/wp-content\/uploads\/2014\/01\/Pessalan-nuotteja-300x225.jpg 300w, https:\/\/www.porlammi.fi\/museot\/wp-content\/uploads\/2014\/01\/Pessalan-nuotteja-399x300.jpg 399w\" sizes=\"auto, (max-width: 584px) 100vw, 584px\" \/><\/a><\/p>\n<p>Juholta l\u00f6ytyi iso valikoima nuotteja, h\u00e4n soitti viulua ja esiintyi sek\u00e4 yksin ett\u00e4 duona ja \u00a0s\u00e4esti my\u00f6s mykk\u00e4filmej\u00e4. Nuotteja \u00a0k\u00e4ytettiin my\u00f6s Juhon perustamassa Carmen-orkesterissa, joka oli suosittu tanssiorkesteri 30-luvulla.<\/p>\n<p><a href=\"https:\/\/www.porlammi.fi\/museot\/wp-content\/uploads\/2014\/01\/Puuhevonen-ja-muita-leluja.jpg\"><img loading=\"lazy\" decoding=\"async\" class=\"aligncenter size-large wp-image-367\" alt=\"Puuhevonen ja muita leluja\" src=\"https:\/\/www.porlammi.fi\/museot\/wp-content\/uploads\/2014\/01\/Puuhevonen-ja-muita-leluja-1024x768.jpg\" width=\"584\" height=\"438\" srcset=\"https:\/\/www.porlammi.fi\/museot\/wp-content\/uploads\/2014\/01\/Puuhevonen-ja-muita-leluja-1024x768.jpg 1024w, https:\/\/www.porlammi.fi\/museot\/wp-content\/uploads\/2014\/01\/Puuhevonen-ja-muita-leluja-300x225.jpg 300w, https:\/\/www.porlammi.fi\/museot\/wp-content\/uploads\/2014\/01\/Puuhevonen-ja-muita-leluja-399x300.jpg 399w\" sizes=\"auto, (max-width: 584px) 100vw, 584px\" \/><\/a><\/p>\n<p>Ikkunan\u00e4yttely esitteli my\u00f6s Juho Pessalan muita taituruuksia. Aika monessa talossa Porlammilla on Pessalan ootraamia ovia, h\u00e4nen koristemaalaamiaan huonekaluja tai h\u00e4nen suunnitelemiaan ja tekemi\u00e4\u00e4n lasten leluja.<\/p>\n<p>&nbsp;<\/p>\n","protected":false},"excerpt":{"rendered":"<p>Pessala-n\u00e4yttelyt ovat ohi. Loviisan kaupunginmuseon &#8221; P\u00e4\u00e4skynen boordissa&#8221; 6.10.13. -17.11.13. ja Porlammin kirjaston ikkunan\u00e4yttely &#8221;J\u00e4lkimaininkeja Pessala-n\u00e4yttelyst\u00e4&#8221; 22.11.13.- 8.1.14. Kiitokset kaikille auttajille. Kaikki eiv\u00e4t varmasti ehtineet Porlammille t\u00e4t\u00e4 ikkunan\u00e4yttely\u00e4 katsomaan, joten laitan pari kuvaa siit\u00e4, mit\u00e4 viel\u00e4\u00a0uudelleen oli n\u00e4ytill\u00e4. Kaikki materiaali oli my\u00f6s p\u00e4\u00e4n\u00e4yttelyssamme Loviisassa. Sapluunoita tosin oli vaikka kuinka paljon, ja osaa niist\u00e4 esiteltiin vasta &hellip; <\/p>\n<p class=\"link-more\"><a href=\"https:\/\/www.porlammi.fi\/museot\/?p=361\" class=\"more-link\">Read the full post &rarr;<span class=\"screen-reader-text\">&#8221;Tammikuun kuva&#8221;<\/span><\/a><\/p>\n","protected":false},"author":1,"featured_media":0,"comment_status":"open","ping_status":"open","sticky":false,"template":"","format":"standard","meta":{"footnotes":""},"categories":[4],"tags":[],"class_list":["post-361","post","type-post","status-publish","format-standard","hentry","category-kuukauden-kuva"],"_links":{"self":[{"href":"https:\/\/www.porlammi.fi\/museot\/index.php?rest_route=\/wp\/v2\/posts\/361","targetHints":{"allow":["GET"]}}],"collection":[{"href":"https:\/\/www.porlammi.fi\/museot\/index.php?rest_route=\/wp\/v2\/posts"}],"about":[{"href":"https:\/\/www.porlammi.fi\/museot\/index.php?rest_route=\/wp\/v2\/types\/post"}],"author":[{"embeddable":true,"href":"https:\/\/www.porlammi.fi\/museot\/index.php?rest_route=\/wp\/v2\/users\/1"}],"replies":[{"embeddable":true,"href":"https:\/\/www.porlammi.fi\/museot\/index.php?rest_route=%2Fwp%2Fv2%2Fcomments&post=361"}],"version-history":[{"count":3,"href":"https:\/\/www.porlammi.fi\/museot\/index.php?rest_route=\/wp\/v2\/posts\/361\/revisions"}],"predecessor-version":[{"id":370,"href":"https:\/\/www.porlammi.fi\/museot\/index.php?rest_route=\/wp\/v2\/posts\/361\/revisions\/370"}],"wp:attachment":[{"href":"https:\/\/www.porlammi.fi\/museot\/index.php?rest_route=%2Fwp%2Fv2%2Fmedia&parent=361"}],"wp:term":[{"taxonomy":"category","embeddable":true,"href":"https:\/\/www.porlammi.fi\/museot\/index.php?rest_route=%2Fwp%2Fv2%2Fcategories&post=361"},{"taxonomy":"post_tag","embeddable":true,"href":"https:\/\/www.porlammi.fi\/museot\/index.php?rest_route=%2Fwp%2Fv2%2Ftags&post=361"}],"curies":[{"name":"wp","href":"https:\/\/api.w.org\/{rel}","templated":true}]}}